{"id":6028,"date":"2026-09-01T19:49:43","date_gmt":"2026-09-01T17:49:43","guid":{"rendered":"https:\/\/www.karate-france.com\/?p=6028"},"modified":"2026-06-07T20:08:35","modified_gmt":"2026-06-07T18:08:35","slug":"une-nouvelle-saison-commence","status":"publish","type":"post","link":"https:\/\/www.karate-france.com\/?p=6028","title":{"rendered":"Une nouvelle saison commence&#8230;"},"content":{"rendered":"\n<p><img decoding=\"async\" class=\"max-h-full max-w-full object-contain\" src=\"https:\/\/images.openai.com\/static-rsc-4\/Xcb_GOl8ukF4rfYNJJ3NQCNyljH8_C9AhXa7320CS8jWWzg1Qa0Kn_Q2Xu22dyuCFs5vbXS9la0psRlrUijvSK2zzFUEVopb3uwyTh2k7pS_lX3TsZOr-r2FqHwqETY98Qa9wU73zA2h0Po3_d37IP-wRL2Lk5L8gqQjau_rj6ejrJjS56FtJFDoqO-Tvx1h?purpose=fullsize\" alt=\"Starting\"><\/p>\n\n\n\n<p class=\"wp-block-paragraph\">Septembre marque toujours un moment particulier dans la vie d&rsquo;un dojo. Apr\u00e8s la parenth\u00e8se estivale, les cours reprennent, les visages familiers r\u00e9apparaissent et de nouveaux pratiquants franchissent pour la premi\u00e8re fois la porte de la salle.<\/p>\n\n\n\n<p class=\"wp-block-paragraph\">La rentr\u00e9e est souvent associ\u00e9e aux bonnes r\u00e9solutions. Nous nous fixons des objectifs, nous \u00e9laborons des projets et nous d\u00e9cidons parfois de commencer une nouvelle activit\u00e9. Mais la rentr\u00e9e est aussi l&rsquo;occasion de prendre un peu de recul et de s&rsquo;interroger sur le sens de notre pratique.<\/p>\n\n\n\n\n\n<!--more-->\n\n\n\n<p class=\"wp-block-paragraph\"><strong>Pourquoi revenons-nous au dojo ?<\/strong><\/p>\n\n\n\n<p class=\"wp-block-paragraph\">Pour certains, il s&rsquo;agit de retrouver une activit\u00e9 physique r\u00e9guli\u00e8re. Pour d&rsquo;autres, de progresser techniquement, de pr\u00e9parer un grade ou de d\u00e9velopper leur confiance en eux. Ces motivations sont toutes l\u00e9gitimes. Pourtant, avec le temps, beaucoup de pratiquants d\u00e9couvrent que le karat\u00e9 leur apporte bien davantage que ce qu&rsquo;ils \u00e9taient venus chercher au d\u00e9part.<\/p>\n\n\n\n<p class=\"wp-block-paragraph\">Le karat\u00e9 est une discipline particuli\u00e8re. Contrairement \u00e0 de nombreuses activit\u00e9s qui promettent des r\u00e9sultats rapides, il s&rsquo;inscrit dans le temps long. Les progr\u00e8s sont parfois spectaculaires au d\u00e9but, puis deviennent plus discrets. On a alors l&rsquo;impression de stagner alors m\u00eame que la transformation continue son \u0153uvre en profondeur.<\/p>\n\n\n\n<p class=\"wp-block-paragraph\">Une saison repr\u00e9sente quelques mois de pratique. Une ceinture noire repr\u00e9sente plusieurs ann\u00e9es. Une vie de karat\u00e9ka repr\u00e9sente plusieurs d\u00e9cennies.<\/p>\n\n\n\n<p class=\"wp-block-paragraph\">Vu sous cet angle, chaque entra\u00eenement prend une autre dimension.<\/p>\n\n\n\n<h1><strong>Les efforts r\u00e9p\u00e9t\u00e9s produisent de grandes transformations<\/strong><\/h1>\n\n\n\n<p class=\"wp-block-paragraph\">Aucun cours ne va changer votre vie \u00e0 lui seul. Aucun kata ne sera parfait du premier coup. Aucun examen ne r\u00e9sumera \u00e0 lui seul votre valeur de pratiquant. Pourtant, chaque s\u00e9ance ajoute une pierre \u00e0 l&rsquo;\u00e9difice.<\/p>\n\n\n\n<p class=\"wp-block-paragraph\">Ce sont les efforts r\u00e9p\u00e9t\u00e9s, parfois modestes, parfois presque imperceptibles, qui finissent par produire les plus grandes transformations.<\/p>\n\n\n\n<p class=\"wp-block-paragraph\">Dans une soci\u00e9t\u00e9 o\u00f9 tout semble devoir aller vite, le karat\u00e9 nous enseigne une autre temporalit\u00e9. Il nous rappelle que certaines qualit\u00e9s ne peuvent pas \u00eatre achet\u00e9es ni obtenues instantan\u00e9ment. La confiance, la ma\u00eetrise de soi, la pers\u00e9v\u00e9rance, la s\u00e9r\u00e9nit\u00e9 ou encore la discipline se construisent progressivement, au fil des entra\u00eenements.<\/p>\n\n\n\n<p class=\"wp-block-paragraph\">Il est donc important de ne pas regarder uniquement la destination mais aussi le chemin.<\/p>\n\n\n\n<p class=\"wp-block-paragraph\">Cette saison qui commence est peut-\u00eatre l&rsquo;occasion de se fixer quelques objectifs. Ils peuvent \u00eatre techniques, physiques ou personnels. R\u00e9ussir un kata, am\u00e9liorer sa condition physique, gagner en souplesse, pr\u00e9parer un examen de grade ou simplement retrouver une pratique r\u00e9guli\u00e8re. Peu importe l&rsquo;objectif choisi, \u00e0 condition qu&rsquo;il vous donne une direction.<\/p>\n\n\n\n<p class=\"wp-block-paragraph\">Mais au-del\u00e0 des objectifs, je vous invite surtout \u00e0 cultiver la r\u00e9gularit\u00e9. Les pratiquants qui progressent le plus ne sont pas n\u00e9cessairement les plus talentueux. Ce sont souvent ceux qui reviennent semaine apr\u00e8s semaine, ann\u00e9e apr\u00e8s ann\u00e9e, avec sinc\u00e9rit\u00e9 et constance.<\/p>\n\n\n\n<h1><strong>Partageons notre passion<\/strong><\/h1>\n\n\n\n<p class=\"wp-block-paragraph\">La rentr\u00e9e est \u00e9galement l&rsquo;occasion de partager notre passion.<\/p>\n\n\n\n<p class=\"wp-block-paragraph\">Beaucoup d&rsquo;entre nous pratiquent depuis longtemps et oublient parfois ce que repr\u00e9sente la d\u00e9couverte du karat\u00e9 pour un d\u00e9butant. Pourtant, chaque saison, des personnes franchissent la porte du dojo avec les m\u00eames interrogations que nous avions lors de notre premier cours.<\/p>\n\n\n\n<p class=\"wp-block-paragraph\">Peut-\u00eatre connaissez-vous quelqu&rsquo;un qui aimerait essayer : un ami, un coll\u00e8gue, un voisin, un membre de votre famille ou simplement une personne curieuse de d\u00e9couvrir notre discipline.<\/p>\n\n\n\n<p class=\"wp-block-paragraph\">Inviter quelqu&rsquo;un \u00e0 venir essayer un cours n&rsquo;est pas seulement une mani\u00e8re de faire conna\u00eetre le club. C&rsquo;est aussi une fa\u00e7on de partager une exp\u00e9rience qui nous a apport\u00e9 quelque chose d&rsquo;important.<\/p>\n\n\n\n<p class=\"wp-block-paragraph\">Le karat\u00e9 est avant tout une aventure humaine. Derri\u00e8re les techniques, les grades et les entra\u00eenements, il y a des rencontres, des \u00e9changes, des amiti\u00e9s qui se construisent parfois pendant des ann\u00e9es.<\/p>\n\n\n\n<p class=\"wp-block-paragraph\">C&rsquo;est souvent ce qui fait la richesse d&rsquo;un dojo.<\/p>\n\n\n\n<p class=\"wp-block-paragraph\">Alors que cette nouvelle saison d\u00e9bute, je vous souhaite avant tout de conserver le plaisir de pratiquer. Les grades viendront en leur temps. Les progr\u00e8s aussi. L&rsquo;essentiel est de continuer \u00e0 avancer, un pas apr\u00e8s l&rsquo;autre.<\/p>\n\n\n\n<p class=\"wp-block-paragraph\">Comme le dit un proverbe japonais :<\/p>\n\n\n\n<p class=\"wp-block-paragraph\"><em>\u00ab M\u00eame le plus long voyage commence par un premier pas. \u00bb<\/em><\/p>\n\n\n\n<p class=\"wp-block-paragraph\">Pour certains, ce premier pas sera celui d&rsquo;un d\u00e9butant qui d\u00e9couvre le karat\u00e9. Pour d&rsquo;autres, ce sera simplement le retour sur le tatami apr\u00e8s les vacances.<\/p>\n\n\n\n<p class=\"wp-block-paragraph\">Dans les deux cas, une nouvelle aventure commence.<\/p>\n\n\n\n<p class=\"wp-block-paragraph\">Bonne rentr\u00e9e \u00e0 toutes et \u00e0 tous, et au plaisir de vous retrouver au dojo.<\/p>\n\n\n\n<p class=\"wp-block-paragraph\"><em>Areski<\/em><\/p>\n","protected":false},"excerpt":{"rendered":"<p>Septembre marque toujours un moment particulier dans la vie d&rsquo;un dojo. Apr\u00e8s la parenth\u00e8se estivale, les cours reprennent, les visages familiers r\u00e9apparaissent et de nouveaux pratiquants franchissent pour la premi\u00e8re fois la porte de la salle. La rentr\u00e9e est souvent &hellip; <a href=\"https:\/\/www.karate-france.com\/?p=6028\">Continuer la lecture <span class=\"meta-nav\">&rarr;<\/span><\/a><\/p>\n","protected":false},"author":1,"featured_media":0,"comment_status":"open","ping_status":"open","sticky":false,"template":"","format":"standard","meta":{"om_disable_all_campaigns":false,"_monsterinsights_skip_tracking":false,"_uf_show_specific_survey":0,"_uf_disable_surveys":false,"ngg_post_thumbnail":0,"footnotes":""},"categories":[8,22],"tags":[],"class_list":["post-6028","post","type-post","status-publish","format-standard","hentry","category-blog","category-pedagogie"],"aioseo_notices":[],"aioseo_head":"\n\t\t<!-- All in One SEO 5.0.1.1 - aioseo.com -->\n\t<meta name=\"description\" content=\"Septembre marque toujours un moment particulier dans la vie d&#039;un dojo. Apr\u00e8s la parenth\u00e8se estivale, les cours reprennent, les visages familiers r\u00e9apparaissent et de nouveaux pratiquants franchissent pour la premi\u00e8re fois la porte de la salle. La rentr\u00e9e est souvent associ\u00e9e aux bonnes r\u00e9solutions. Nous nous fixons des objectifs, nous \u00e9laborons des projets et nous\" \/>\n\t<meta name=\"robots\" content=\"max-image-preview:large\" \/>\n\t<meta name=\"author\" content=\"areski\"\/>\n\t<link rel=\"canonical\" href=\"https:\/\/www.karate-france.com\/?p=6028\" \/>\n\t<meta name=\"generator\" content=\"All in One SEO (AIOSEO) 5.0.1.1\" \/>\n\t\t<meta property=\"og:locale\" content=\"fr_FR\" \/>\n\t\t<meta property=\"og:site_name\" content=\"KARATE-FRANCE - Areski Ouzrout\" \/>\n\t\t<meta property=\"og:type\" content=\"article\" \/>\n\t\t<meta property=\"og:title\" content=\"Une nouvelle saison commence\u2026 - KARATE-FRANCE\" \/>\n\t\t<meta property=\"og:description\" content=\"Septembre marque toujours un moment particulier dans la vie d&#039;un dojo. Apr\u00e8s la parenth\u00e8se estivale, les cours reprennent, les visages familiers r\u00e9apparaissent et de nouveaux pratiquants franchissent pour la premi\u00e8re fois la porte de la salle. La rentr\u00e9e est souvent associ\u00e9e aux bonnes r\u00e9solutions. Nous nous fixons des objectifs, nous \u00e9laborons des projets et nous\" \/>\n\t\t<meta property=\"og:url\" content=\"https:\/\/www.karate-france.com\/?p=6028\" \/>\n\t\t<meta property=\"og:image\" content=\"https:\/\/www.karate-france.com\/wp-content\/uploads\/2017\/05\/portrait2.jpg\" \/>\n\t\t<meta property=\"og:image:secure_url\" content=\"https:\/\/www.karate-france.com\/wp-content\/uploads\/2017\/05\/portrait2.jpg\" \/>\n\t\t<meta property=\"article:published_time\" content=\"2026-09-01T17:49:43+00:00\" \/>\n\t\t<meta property=\"article:modified_time\" content=\"2026-06-07T18:08:35+00:00\" \/>\n\t\t<meta property=\"article:publisher\" content=\"https:\/\/www.facebook.com\/profile.php?id=61586701024624\" \/>\n\t\t<meta name=\"twitter:card\" content=\"summary_large_image\" \/>\n\t\t<meta name=\"twitter:site\" content=\"@AreskiOuzrout\" \/>\n\t\t<meta name=\"twitter:title\" content=\"Une nouvelle saison commence\u2026 - KARATE-FRANCE\" \/>\n\t\t<meta name=\"twitter:description\" content=\"Septembre marque toujours un moment particulier dans la vie d&#039;un dojo. Apr\u00e8s la parenth\u00e8se estivale, les cours reprennent, les visages familiers r\u00e9apparaissent et de nouveaux pratiquants franchissent pour la premi\u00e8re fois la porte de la salle. La rentr\u00e9e est souvent associ\u00e9e aux bonnes r\u00e9solutions. Nous nous fixons des objectifs, nous \u00e9laborons des projets et nous\" \/>\n\t\t<meta name=\"twitter:creator\" content=\"@AreskiOuzrout\" \/>\n\t\t<meta name=\"twitter:image\" content=\"https:\/\/www.karate-france.com\/wp-content\/uploads\/2017\/05\/portrait2.jpg\" \/>\n\t\t<script type=\"application\/ld+json\" class=\"aioseo-schema\">\n\t\t\t{\"@context\":\"https:\\\/\\\/schema.org\",\"@graph\":[{\"@type\":\"BlogPosting\",\"@id\":\"https:\\\/\\\/www.karate-france.com\\\/?p=6028#blogposting\",\"name\":\"Une nouvelle saison commence\\u2026 - KARATE-FRANCE\",\"headline\":\"Une nouvelle saison commence&#8230;\",\"author\":{\"@id\":\"https:\\\/\\\/www.karate-france.com\\\/?author=1#author\"},\"publisher\":{\"@id\":\"https:\\\/\\\/www.karate-france.com\\\/#person\"},\"image\":{\"@type\":\"ImageObject\",\"url\":\"https:\\\/\\\/images.openai.com\\\/static-rsc-4\\\/Xcb_GOl8ukF4rfYNJJ3NQCNyljH8_C9AhXa7320CS8jWWzg1Qa0Kn_Q2Xu22dyuCFs5vbXS9la0psRlrUijvSK2zzFUEVopb3uwyTh2k7pS_lX3TsZOr-r2FqHwqETY98Qa9wU73zA2h0Po3_d37IP-wRL2Lk5L8gqQjau_rj6ejrJjS56FtJFDoqO-Tvx1h?purpose=fullsize\",\"@id\":\"https:\\\/\\\/www.karate-france.com\\\/?p=6028\\\/#articleImage\"},\"datePublished\":\"2026-09-01T19:49:43+02:00\",\"dateModified\":\"2026-06-07T20:08:35+02:00\",\"inLanguage\":\"fr-FR\",\"mainEntityOfPage\":{\"@id\":\"https:\\\/\\\/www.karate-france.com\\\/?p=6028#webpage\"},\"isPartOf\":{\"@id\":\"https:\\\/\\\/www.karate-france.com\\\/?p=6028#webpage\"},\"articleSection\":\"Blog, P\\u00e9dagogie\"},{\"@type\":\"BreadcrumbList\",\"@id\":\"https:\\\/\\\/www.karate-france.com\\\/?p=6028#breadcrumblist\",\"itemListElement\":[{\"@type\":\"ListItem\",\"@id\":\"https:\\\/\\\/www.karate-france.com#listItem\",\"position\":1,\"name\":\"Home\",\"item\":\"https:\\\/\\\/www.karate-france.com\",\"nextItem\":{\"@type\":\"ListItem\",\"@id\":\"https:\\\/\\\/www.karate-france.com\\\/?cat=8#listItem\",\"name\":\"Blog\"}},{\"@type\":\"ListItem\",\"@id\":\"https:\\\/\\\/www.karate-france.com\\\/?cat=8#listItem\",\"position\":2,\"name\":\"Blog\",\"item\":\"https:\\\/\\\/www.karate-france.com\\\/?cat=8\",\"nextItem\":{\"@type\":\"ListItem\",\"@id\":\"https:\\\/\\\/www.karate-france.com\\\/?p=6028#listItem\",\"name\":\"Une nouvelle saison commence&#8230;\"},\"previousItem\":{\"@type\":\"ListItem\",\"@id\":\"https:\\\/\\\/www.karate-france.com#listItem\",\"name\":\"Home\"}},{\"@type\":\"ListItem\",\"@id\":\"https:\\\/\\\/www.karate-france.com\\\/?p=6028#listItem\",\"position\":3,\"name\":\"Une nouvelle saison commence&#8230;\",\"previousItem\":{\"@type\":\"ListItem\",\"@id\":\"https:\\\/\\\/www.karate-france.com\\\/?cat=8#listItem\",\"name\":\"Blog\"}}]},{\"@type\":\"Person\",\"@id\":\"https:\\\/\\\/www.karate-france.com\\\/#person\",\"name\":\"areski\",\"image\":{\"@type\":\"ImageObject\",\"@id\":\"https:\\\/\\\/www.karate-france.com\\\/?p=6028#personImage\",\"url\":\"https:\\\/\\\/secure.gravatar.com\\\/avatar\\\/4ab6c603ba48c8b138d152b635e9404f1826f65790ab80a6d40ac86500e061d7?s=96&d=mm&r=g\",\"width\":96,\"height\":96,\"caption\":\"areski\"}},{\"@type\":\"Person\",\"@id\":\"https:\\\/\\\/www.karate-france.com\\\/?author=1#author\",\"url\":\"https:\\\/\\\/www.karate-france.com\\\/?author=1\",\"name\":\"areski\",\"image\":{\"@type\":\"ImageObject\",\"@id\":\"https:\\\/\\\/www.karate-france.com\\\/?p=6028#authorImage\",\"url\":\"https:\\\/\\\/secure.gravatar.com\\\/avatar\\\/4ab6c603ba48c8b138d152b635e9404f1826f65790ab80a6d40ac86500e061d7?s=96&d=mm&r=g\",\"width\":96,\"height\":96,\"caption\":\"areski\"}},{\"@type\":\"WebPage\",\"@id\":\"https:\\\/\\\/www.karate-france.com\\\/?p=6028#webpage\",\"url\":\"https:\\\/\\\/www.karate-france.com\\\/?p=6028\",\"name\":\"Une nouvelle saison commence\\u2026 - KARATE-FRANCE\",\"description\":\"Septembre marque toujours un moment particulier dans la vie d'un dojo. Apr\\u00e8s la parenth\\u00e8se estivale, les cours reprennent, les visages familiers r\\u00e9apparaissent et de nouveaux pratiquants franchissent pour la premi\\u00e8re fois la porte de la salle. La rentr\\u00e9e est souvent associ\\u00e9e aux bonnes r\\u00e9solutions. Nous nous fixons des objectifs, nous \\u00e9laborons des projets et nous\",\"inLanguage\":\"fr-FR\",\"isPartOf\":{\"@id\":\"https:\\\/\\\/www.karate-france.com\\\/#website\"},\"breadcrumb\":{\"@id\":\"https:\\\/\\\/www.karate-france.com\\\/?p=6028#breadcrumblist\"},\"author\":{\"@id\":\"https:\\\/\\\/www.karate-france.com\\\/?author=1#author\"},\"creator\":{\"@id\":\"https:\\\/\\\/www.karate-france.com\\\/?author=1#author\"},\"datePublished\":\"2026-09-01T19:49:43+02:00\",\"dateModified\":\"2026-06-07T20:08:35+02:00\"},{\"@type\":\"WebSite\",\"@id\":\"https:\\\/\\\/www.karate-france.com\\\/#website\",\"url\":\"https:\\\/\\\/www.karate-france.com\\\/\",\"name\":\"KARATE-FRANCE\",\"description\":\"Areski Ouzrout\",\"inLanguage\":\"fr-FR\",\"publisher\":{\"@id\":\"https:\\\/\\\/www.karate-france.com\\\/#person\"}}]}\n\t\t<\/script>\n\t\t<!-- All in One SEO -->\n\n","aioseo_head_json":{"title":"Une nouvelle saison commence\u2026 - KARATE-FRANCE","description":"Septembre marque toujours un moment particulier dans la vie d'un dojo. Apr\u00e8s la parenth\u00e8se estivale, les cours reprennent, les visages familiers r\u00e9apparaissent et de nouveaux pratiquants franchissent pour la premi\u00e8re fois la porte de la salle. La rentr\u00e9e est souvent associ\u00e9e aux bonnes r\u00e9solutions. Nous nous fixons des objectifs, nous \u00e9laborons des projets et nous","canonical_url":"https:\/\/www.karate-france.com\/?p=6028","robots":"max-image-preview:large","keywords":"","webmasterTools":{"miscellaneous":""},"schema":{"@context":"https:\/\/schema.org","@graph":[{"@type":"BlogPosting","@id":"https:\/\/www.karate-france.com\/?p=6028#blogposting","name":"Une nouvelle saison commence\u2026 - KARATE-FRANCE","headline":"Une nouvelle saison commence&#8230;","author":{"@id":"https:\/\/www.karate-france.com\/?author=1#author"},"publisher":{"@id":"https:\/\/www.karate-france.com\/#person"},"image":{"@type":"ImageObject","url":"https:\/\/images.openai.com\/static-rsc-4\/Xcb_GOl8ukF4rfYNJJ3NQCNyljH8_C9AhXa7320CS8jWWzg1Qa0Kn_Q2Xu22dyuCFs5vbXS9la0psRlrUijvSK2zzFUEVopb3uwyTh2k7pS_lX3TsZOr-r2FqHwqETY98Qa9wU73zA2h0Po3_d37IP-wRL2Lk5L8gqQjau_rj6ejrJjS56FtJFDoqO-Tvx1h?purpose=fullsize","@id":"https:\/\/www.karate-france.com\/?p=6028\/#articleImage"},"datePublished":"2026-09-01T19:49:43+02:00","dateModified":"2026-06-07T20:08:35+02:00","inLanguage":"fr-FR","mainEntityOfPage":{"@id":"https:\/\/www.karate-france.com\/?p=6028#webpage"},"isPartOf":{"@id":"https:\/\/www.karate-france.com\/?p=6028#webpage"},"articleSection":"Blog, P\u00e9dagogie"},{"@type":"BreadcrumbList","@id":"https:\/\/www.karate-france.com\/?p=6028#breadcrumblist","itemListElement":[{"@type":"ListItem","@id":"https:\/\/www.karate-france.com#listItem","position":1,"name":"Home","item":"https:\/\/www.karate-france.com","nextItem":{"@type":"ListItem","@id":"https:\/\/www.karate-france.com\/?cat=8#listItem","name":"Blog"}},{"@type":"ListItem","@id":"https:\/\/www.karate-france.com\/?cat=8#listItem","position":2,"name":"Blog","item":"https:\/\/www.karate-france.com\/?cat=8","nextItem":{"@type":"ListItem","@id":"https:\/\/www.karate-france.com\/?p=6028#listItem","name":"Une nouvelle saison commence&#8230;"},"previousItem":{"@type":"ListItem","@id":"https:\/\/www.karate-france.com#listItem","name":"Home"}},{"@type":"ListItem","@id":"https:\/\/www.karate-france.com\/?p=6028#listItem","position":3,"name":"Une nouvelle saison commence&#8230;","previousItem":{"@type":"ListItem","@id":"https:\/\/www.karate-france.com\/?cat=8#listItem","name":"Blog"}}]},{"@type":"Person","@id":"https:\/\/www.karate-france.com\/#person","name":"areski","image":{"@type":"ImageObject","@id":"https:\/\/www.karate-france.com\/?p=6028#personImage","url":"https:\/\/secure.gravatar.com\/avatar\/4ab6c603ba48c8b138d152b635e9404f1826f65790ab80a6d40ac86500e061d7?s=96&d=mm&r=g","width":96,"height":96,"caption":"areski"}},{"@type":"Person","@id":"https:\/\/www.karate-france.com\/?author=1#author","url":"https:\/\/www.karate-france.com\/?author=1","name":"areski","image":{"@type":"ImageObject","@id":"https:\/\/www.karate-france.com\/?p=6028#authorImage","url":"https:\/\/secure.gravatar.com\/avatar\/4ab6c603ba48c8b138d152b635e9404f1826f65790ab80a6d40ac86500e061d7?s=96&d=mm&r=g","width":96,"height":96,"caption":"areski"}},{"@type":"WebPage","@id":"https:\/\/www.karate-france.com\/?p=6028#webpage","url":"https:\/\/www.karate-france.com\/?p=6028","name":"Une nouvelle saison commence\u2026 - KARATE-FRANCE","description":"Septembre marque toujours un moment particulier dans la vie d'un dojo. Apr\u00e8s la parenth\u00e8se estivale, les cours reprennent, les visages familiers r\u00e9apparaissent et de nouveaux pratiquants franchissent pour la premi\u00e8re fois la porte de la salle. La rentr\u00e9e est souvent associ\u00e9e aux bonnes r\u00e9solutions. Nous nous fixons des objectifs, nous \u00e9laborons des projets et nous","inLanguage":"fr-FR","isPartOf":{"@id":"https:\/\/www.karate-france.com\/#website"},"breadcrumb":{"@id":"https:\/\/www.karate-france.com\/?p=6028#breadcrumblist"},"author":{"@id":"https:\/\/www.karate-france.com\/?author=1#author"},"creator":{"@id":"https:\/\/www.karate-france.com\/?author=1#author"},"datePublished":"2026-09-01T19:49:43+02:00","dateModified":"2026-06-07T20:08:35+02:00"},{"@type":"WebSite","@id":"https:\/\/www.karate-france.com\/#website","url":"https:\/\/www.karate-france.com\/","name":"KARATE-FRANCE","description":"Areski Ouzrout","inLanguage":"fr-FR","publisher":{"@id":"https:\/\/www.karate-france.com\/#person"}}]},"og:locale":"fr_FR","og:site_name":"KARATE-FRANCE - Areski Ouzrout","og:type":"article","og:title":"Une nouvelle saison commence\u2026 - KARATE-FRANCE","og:description":"Septembre marque toujours un moment particulier dans la vie d'un dojo. Apr\u00e8s la parenth\u00e8se estivale, les cours reprennent, les visages familiers r\u00e9apparaissent et de nouveaux pratiquants franchissent pour la premi\u00e8re fois la porte de la salle. La rentr\u00e9e est souvent associ\u00e9e aux bonnes r\u00e9solutions. Nous nous fixons des objectifs, nous \u00e9laborons des projets et nous","og:url":"https:\/\/www.karate-france.com\/?p=6028","og:image":"https:\/\/www.karate-france.com\/wp-content\/uploads\/2017\/05\/portrait2.jpg","og:image:secure_url":"https:\/\/www.karate-france.com\/wp-content\/uploads\/2017\/05\/portrait2.jpg","article:published_time":"2026-09-01T17:49:43+00:00","article:modified_time":"2026-06-07T18:08:35+00:00","article:publisher":"https:\/\/www.facebook.com\/profile.php?id=61586701024624","twitter:card":"summary_large_image","twitter:site":"@AreskiOuzrout","twitter:title":"Une nouvelle saison commence\u2026 - KARATE-FRANCE","twitter:description":"Septembre marque toujours un moment particulier dans la vie d'un dojo. Apr\u00e8s la parenth\u00e8se estivale, les cours reprennent, les visages familiers r\u00e9apparaissent et de nouveaux pratiquants franchissent pour la premi\u00e8re fois la porte de la salle. La rentr\u00e9e est souvent associ\u00e9e aux bonnes r\u00e9solutions. Nous nous fixons des objectifs, nous \u00e9laborons des projets et nous","twitter:creator":"@AreskiOuzrout","twitter:image":"https:\/\/www.karate-france.com\/wp-content\/uploads\/2017\/05\/portrait2.jpg"},"aioseo_meta_data":{"post_id":"6028","title":null,"description":null,"keywords":null,"keyphrases":{"focus":[],"additional":[]},"primary_term":null,"canonical_url":null,"og_title":null,"og_description":null,"og_object_type":"default","og_image_type":"default","og_image_url":null,"og_image_width":null,"og_image_height":null,"og_image_custom_url":null,"og_image_custom_fields":null,"og_video":"","og_custom_url":null,"og_article_section":null,"og_article_tags":null,"twitter_use_og":false,"twitter_card":"default","twitter_image_type":"default","twitter_image_url":null,"twitter_image_custom_url":null,"twitter_image_custom_fields":null,"twitter_title":null,"twitter_description":null,"schema":{"blockGraphs":[],"customGraphs":[],"default":{"data":{"Article":[],"Course":[],"Dataset":[],"FAQPage":[],"Movie":[],"Person":[],"Product":[],"ProductReview":[],"Car":[],"Recipe":[],"Service":[],"SoftwareApplication":[],"WebPage":[]},"graphName":"BlogPosting","isEnabled":true},"graphs":[]},"schema_type":"default","schema_type_options":null,"pillar_content":false,"robots_default":true,"robots_noindex":false,"robots_noarchive":false,"robots_nosnippet":false,"robots_nofollow":false,"robots_noimageindex":false,"robots_noodp":false,"robots_notranslate":false,"robots_max_snippet":"-1","robots_max_videopreview":"-1","robots_max_imagepreview":"large","priority":null,"frequency":"default","local_seo":null,"breadcrumb_settings":null,"limit_modified_date":false,"ai":{"faqs":[],"keyPoints":[],"schemas":[],"titles":[],"descriptions":[],"socialPosts":{"email":[],"linkedin":[],"twitter":[],"facebook":[],"instagram":[]}},"created":"2026-06-07 17:59:38","updated":"2026-08-16 08:26:35","seo_analyzer_scan_date":null,"focus_keyword":null,"additional_keywords":null,"truseo_locale":null},"aioseo_breadcrumb":"<div class=\"aioseo-breadcrumbs\"><span class=\"aioseo-breadcrumb\">\n\t\t\t<a href=\"https:\/\/www.karate-france.com\" title=\"Home\">Home<\/a>\n\t\t<\/span><span class=\"aioseo-breadcrumb-separator\">&raquo;<\/span><span class=\"aioseo-breadcrumb\">\n\t\t\t<a href=\"https:\/\/www.karate-france.com\/?cat=8\" title=\"Blog\">Blog<\/a>\n\t\t<\/span><span class=\"aioseo-breadcrumb-separator\">&raquo;<\/span><span class=\"aioseo-breadcrumb\">\n\t\t\tUne nouvelle saison commence\u2026\n\t\t<\/span><\/div>","aioseo_breadcrumb_json":[{"label":"Home","link":"https:\/\/www.karate-france.com"},{"label":"Blog","link":"https:\/\/www.karate-france.com\/?cat=8"},{"label":"Une nouvelle saison commence&#8230;","link":"https:\/\/www.karate-france.com\/?p=6028"}],"views":5,"_links":{"self":[{"href":"https:\/\/www.karate-france.com\/index.php?rest_route=\/wp\/v2\/posts\/6028","targetHints":{"allow":["GET"]}}],"collection":[{"href":"https:\/\/www.karate-france.com\/index.php?rest_route=\/wp\/v2\/posts"}],"about":[{"href":"https:\/\/www.karate-france.com\/index.php?rest_route=\/wp\/v2\/types\/post"}],"author":[{"embeddable":true,"href":"https:\/\/www.karate-france.com\/index.php?rest_route=\/wp\/v2\/users\/1"}],"replies":[{"embeddable":true,"href":"https:\/\/www.karate-france.com\/index.php?rest_route=%2Fwp%2Fv2%2Fcomments&post=6028"}],"version-history":[{"count":1,"href":"https:\/\/www.karate-france.com\/index.php?rest_route=\/wp\/v2\/posts\/6028\/revisions"}],"predecessor-version":[{"id":6029,"href":"https:\/\/www.karate-france.com\/index.php?rest_route=\/wp\/v2\/posts\/6028\/revisions\/6029"}],"wp:attachment":[{"href":"https:\/\/www.karate-france.com\/index.php?rest_route=%2Fwp%2Fv2%2Fmedia&parent=6028"}],"wp:term":[{"taxonomy":"category","embeddable":true,"href":"https:\/\/www.karate-france.com\/index.php?rest_route=%2Fwp%2Fv2%2Fcategories&post=6028"},{"taxonomy":"post_tag","embeddable":true,"href":"https:\/\/www.karate-france.com\/index.php?rest_route=%2Fwp%2Fv2%2Ftags&post=6028"}],"curies":[{"name":"wp","href":"https:\/\/api.w.org\/{rel}","templated":true}]}}