{"id":6165,"date":"2026-09-03T23:43:46","date_gmt":"2026-09-03T21:43:46","guid":{"rendered":"https:\/\/www.karate-france.com\/?p=6165"},"modified":"2026-09-03T23:44:30","modified_gmt":"2026-09-03T21:44:30","slug":"seminaire-de-rentree-fin-aout-2026","status":"publish","type":"post","link":"https:\/\/www.karate-france.com\/?p=6165","title":{"rendered":"S\u00e9minaire de rentr\u00e9e fin aout 2026"},"content":{"rendered":"\n<figure class=\"wp-block-embed is-type-video is-provider-youtube wp-block-embed-youtube wp-embed-aspect-16-9 wp-has-aspect-ratio\"><div class=\"wp-block-embed__wrapper\">\n<iframe loading=\"lazy\" title=\"SEMINAIRE DE RENTREE 2026 KARATE MEUDON\" width=\"584\" height=\"329\" src=\"https:\/\/www.youtube.com\/embed\/3rvy_faOOM0?feature=oembed\" frameborder=\"0\" allow=\"accelerometer; autoplay; clipboard-write; encrypted-media; gyroscope; picture-in-picture; web-share\" referrerpolicy=\"strict-origin-when-cross-origin\" allowfullscreen><\/iframe>\n<\/div><\/figure>\n","protected":false},"excerpt":{"rendered":"","protected":false},"author":1,"featured_media":0,"comment_status":"open","ping_status":"open","sticky":false,"template":"","format":"standard","meta":{"om_disable_all_campaigns":false,"_monsterinsights_skip_tracking":false,"_uf_show_specific_survey":0,"_uf_disable_surveys":false,"ngg_post_thumbnail":0,"footnotes":""},"categories":[25,242],"tags":[],"class_list":["post-6165","post","type-post","status-publish","format-standard","hentry","category-stages","category-videos"],"aioseo_notices":[],"aioseo_head":"\n\t\t<!-- All in One SEO 5.0.1.1 - aioseo.com -->\n\t<meta name=\"robots\" content=\"max-image-preview:large\" \/>\n\t<meta name=\"author\" content=\"areski\"\/>\n\t<link rel=\"canonical\" href=\"https:\/\/www.karate-france.com\/?p=6165\" \/>\n\t<meta name=\"generator\" content=\"All in One SEO (AIOSEO) 5.0.1.1\" \/>\n\t\t<meta property=\"og:locale\" content=\"fr_FR\" \/>\n\t\t<meta property=\"og:site_name\" content=\"KARATE-FRANCE - Areski Ouzrout\" \/>\n\t\t<meta property=\"og:type\" content=\"article\" \/>\n\t\t<meta property=\"og:title\" content=\"S\u00e9minaire de rentr\u00e9e fin aout 2026 - KARATE-FRANCE\" \/>\n\t\t<meta property=\"og:url\" content=\"https:\/\/www.karate-france.com\/?p=6165\" \/>\n\t\t<meta property=\"og:image\" content=\"https:\/\/www.karate-france.com\/wp-content\/uploads\/2017\/05\/portrait2.jpg\" \/>\n\t\t<meta property=\"og:image:secure_url\" content=\"https:\/\/www.karate-france.com\/wp-content\/uploads\/2017\/05\/portrait2.jpg\" \/>\n\t\t<meta property=\"article:published_time\" content=\"2026-09-03T21:43:46+00:00\" \/>\n\t\t<meta property=\"article:modified_time\" content=\"2026-09-03T21:44:30+00:00\" \/>\n\t\t<meta property=\"article:publisher\" content=\"https:\/\/www.facebook.com\/profile.php?id=61586701024624\" \/>\n\t\t<meta name=\"twitter:card\" content=\"summary_large_image\" \/>\n\t\t<meta name=\"twitter:site\" content=\"@AreskiOuzrout\" \/>\n\t\t<meta name=\"twitter:title\" content=\"S\u00e9minaire de rentr\u00e9e fin aout 2026 - KARATE-FRANCE\" \/>\n\t\t<meta name=\"twitter:creator\" content=\"@AreskiOuzrout\" \/>\n\t\t<meta name=\"twitter:image\" content=\"https:\/\/www.karate-france.com\/wp-content\/uploads\/2017\/05\/portrait2.jpg\" \/>\n\t\t<script type=\"application\/ld+json\" class=\"aioseo-schema\">\n\t\t\t{\"@context\":\"https:\\\/\\\/schema.org\",\"@graph\":[{\"@type\":\"BlogPosting\",\"@id\":\"https:\\\/\\\/www.karate-france.com\\\/?p=6165#blogposting\",\"name\":\"S\\u00e9minaire de rentr\\u00e9e fin aout 2026 - KARATE-FRANCE\",\"headline\":\"S\\u00e9minaire de rentr\\u00e9e fin aout 2026\",\"author\":{\"@id\":\"https:\\\/\\\/www.karate-france.com\\\/?author=1#author\"},\"publisher\":{\"@id\":\"https:\\\/\\\/www.karate-france.com\\\/#person\"},\"image\":{\"@type\":\"ImageObject\",\"@id\":\"https:\\\/\\\/www.karate-france.com\\\/?p=6165#articleImage\",\"url\":\"https:\\\/\\\/secure.gravatar.com\\\/avatar\\\/4ab6c603ba48c8b138d152b635e9404f1826f65790ab80a6d40ac86500e061d7?s=96&d=mm&r=g\",\"width\":96,\"height\":96,\"caption\":\"areski\"},\"datePublished\":\"2026-09-03T23:43:46+02:00\",\"dateModified\":\"2026-09-03T23:44:30+02:00\",\"inLanguage\":\"fr-FR\",\"mainEntityOfPage\":{\"@id\":\"https:\\\/\\\/www.karate-france.com\\\/?p=6165#webpage\"},\"isPartOf\":{\"@id\":\"https:\\\/\\\/www.karate-france.com\\\/?p=6165#webpage\"},\"articleSection\":\"STAGES, Vid\\u00e9os\"},{\"@type\":\"BreadcrumbList\",\"@id\":\"https:\\\/\\\/www.karate-france.com\\\/?p=6165#breadcrumblist\",\"itemListElement\":[{\"@type\":\"ListItem\",\"@id\":\"https:\\\/\\\/www.karate-france.com#listItem\",\"position\":1,\"name\":\"Home\",\"item\":\"https:\\\/\\\/www.karate-france.com\",\"nextItem\":{\"@type\":\"ListItem\",\"@id\":\"https:\\\/\\\/www.karate-france.com\\\/?cat=25#listItem\",\"name\":\"STAGES\"}},{\"@type\":\"ListItem\",\"@id\":\"https:\\\/\\\/www.karate-france.com\\\/?cat=25#listItem\",\"position\":2,\"name\":\"STAGES\",\"item\":\"https:\\\/\\\/www.karate-france.com\\\/?cat=25\",\"nextItem\":{\"@type\":\"ListItem\",\"@id\":\"https:\\\/\\\/www.karate-france.com\\\/?p=6165#listItem\",\"name\":\"S\\u00e9minaire de rentr\\u00e9e fin aout 2026\"},\"previousItem\":{\"@type\":\"ListItem\",\"@id\":\"https:\\\/\\\/www.karate-france.com#listItem\",\"name\":\"Home\"}},{\"@type\":\"ListItem\",\"@id\":\"https:\\\/\\\/www.karate-france.com\\\/?p=6165#listItem\",\"position\":3,\"name\":\"S\\u00e9minaire de rentr\\u00e9e fin aout 2026\",\"previousItem\":{\"@type\":\"ListItem\",\"@id\":\"https:\\\/\\\/www.karate-france.com\\\/?cat=25#listItem\",\"name\":\"STAGES\"}}]},{\"@type\":\"Person\",\"@id\":\"https:\\\/\\\/www.karate-france.com\\\/#person\",\"name\":\"areski\",\"image\":{\"@type\":\"ImageObject\",\"@id\":\"https:\\\/\\\/www.karate-france.com\\\/?p=6165#personImage\",\"url\":\"https:\\\/\\\/secure.gravatar.com\\\/avatar\\\/4ab6c603ba48c8b138d152b635e9404f1826f65790ab80a6d40ac86500e061d7?s=96&d=mm&r=g\",\"width\":96,\"height\":96,\"caption\":\"areski\"}},{\"@type\":\"Person\",\"@id\":\"https:\\\/\\\/www.karate-france.com\\\/?author=1#author\",\"url\":\"https:\\\/\\\/www.karate-france.com\\\/?author=1\",\"name\":\"areski\",\"image\":{\"@type\":\"ImageObject\",\"@id\":\"https:\\\/\\\/www.karate-france.com\\\/?p=6165#authorImage\",\"url\":\"https:\\\/\\\/secure.gravatar.com\\\/avatar\\\/4ab6c603ba48c8b138d152b635e9404f1826f65790ab80a6d40ac86500e061d7?s=96&d=mm&r=g\",\"width\":96,\"height\":96,\"caption\":\"areski\"}},{\"@type\":\"WebPage\",\"@id\":\"https:\\\/\\\/www.karate-france.com\\\/?p=6165#webpage\",\"url\":\"https:\\\/\\\/www.karate-france.com\\\/?p=6165\",\"name\":\"S\\u00e9minaire de rentr\\u00e9e fin aout 2026 - KARATE-FRANCE\",\"inLanguage\":\"fr-FR\",\"isPartOf\":{\"@id\":\"https:\\\/\\\/www.karate-france.com\\\/#website\"},\"breadcrumb\":{\"@id\":\"https:\\\/\\\/www.karate-france.com\\\/?p=6165#breadcrumblist\"},\"author\":{\"@id\":\"https:\\\/\\\/www.karate-france.com\\\/?author=1#author\"},\"creator\":{\"@id\":\"https:\\\/\\\/www.karate-france.com\\\/?author=1#author\"},\"datePublished\":\"2026-09-03T23:43:46+02:00\",\"dateModified\":\"2026-09-03T23:44:30+02:00\"},{\"@type\":\"WebSite\",\"@id\":\"https:\\\/\\\/www.karate-france.com\\\/#website\",\"url\":\"https:\\\/\\\/www.karate-france.com\\\/\",\"name\":\"KARATE-FRANCE\",\"description\":\"Areski Ouzrout\",\"inLanguage\":\"fr-FR\",\"publisher\":{\"@id\":\"https:\\\/\\\/www.karate-france.com\\\/#person\"}}]}\n\t\t<\/script>\n\t\t<!-- All in One SEO -->\n\n","aioseo_head_json":{"title":"S\u00e9minaire de rentr\u00e9e fin aout 2026 - KARATE-FRANCE","description":"","canonical_url":"https:\/\/www.karate-france.com\/?p=6165","robots":"max-image-preview:large","keywords":"","webmasterTools":{"miscellaneous":""},"schema":{"@context":"https:\/\/schema.org","@graph":[{"@type":"BlogPosting","@id":"https:\/\/www.karate-france.com\/?p=6165#blogposting","name":"S\u00e9minaire de rentr\u00e9e fin aout 2026 - KARATE-FRANCE","headline":"S\u00e9minaire de rentr\u00e9e fin aout 2026","author":{"@id":"https:\/\/www.karate-france.com\/?author=1#author"},"publisher":{"@id":"https:\/\/www.karate-france.com\/#person"},"image":{"@type":"ImageObject","@id":"https:\/\/www.karate-france.com\/?p=6165#articleImage","url":"https:\/\/secure.gravatar.com\/avatar\/4ab6c603ba48c8b138d152b635e9404f1826f65790ab80a6d40ac86500e061d7?s=96&d=mm&r=g","width":96,"height":96,"caption":"areski"},"datePublished":"2026-09-03T23:43:46+02:00","dateModified":"2026-09-03T23:44:30+02:00","inLanguage":"fr-FR","mainEntityOfPage":{"@id":"https:\/\/www.karate-france.com\/?p=6165#webpage"},"isPartOf":{"@id":"https:\/\/www.karate-france.com\/?p=6165#webpage"},"articleSection":"STAGES, Vid\u00e9os"},{"@type":"BreadcrumbList","@id":"https:\/\/www.karate-france.com\/?p=6165#breadcrumblist","itemListElement":[{"@type":"ListItem","@id":"https:\/\/www.karate-france.com#listItem","position":1,"name":"Home","item":"https:\/\/www.karate-france.com","nextItem":{"@type":"ListItem","@id":"https:\/\/www.karate-france.com\/?cat=25#listItem","name":"STAGES"}},{"@type":"ListItem","@id":"https:\/\/www.karate-france.com\/?cat=25#listItem","position":2,"name":"STAGES","item":"https:\/\/www.karate-france.com\/?cat=25","nextItem":{"@type":"ListItem","@id":"https:\/\/www.karate-france.com\/?p=6165#listItem","name":"S\u00e9minaire de rentr\u00e9e fin aout 2026"},"previousItem":{"@type":"ListItem","@id":"https:\/\/www.karate-france.com#listItem","name":"Home"}},{"@type":"ListItem","@id":"https:\/\/www.karate-france.com\/?p=6165#listItem","position":3,"name":"S\u00e9minaire de rentr\u00e9e fin aout 2026","previousItem":{"@type":"ListItem","@id":"https:\/\/www.karate-france.com\/?cat=25#listItem","name":"STAGES"}}]},{"@type":"Person","@id":"https:\/\/www.karate-france.com\/#person","name":"areski","image":{"@type":"ImageObject","@id":"https:\/\/www.karate-france.com\/?p=6165#personImage","url":"https:\/\/secure.gravatar.com\/avatar\/4ab6c603ba48c8b138d152b635e9404f1826f65790ab80a6d40ac86500e061d7?s=96&d=mm&r=g","width":96,"height":96,"caption":"areski"}},{"@type":"Person","@id":"https:\/\/www.karate-france.com\/?author=1#author","url":"https:\/\/www.karate-france.com\/?author=1","name":"areski","image":{"@type":"ImageObject","@id":"https:\/\/www.karate-france.com\/?p=6165#authorImage","url":"https:\/\/secure.gravatar.com\/avatar\/4ab6c603ba48c8b138d152b635e9404f1826f65790ab80a6d40ac86500e061d7?s=96&d=mm&r=g","width":96,"height":96,"caption":"areski"}},{"@type":"WebPage","@id":"https:\/\/www.karate-france.com\/?p=6165#webpage","url":"https:\/\/www.karate-france.com\/?p=6165","name":"S\u00e9minaire de rentr\u00e9e fin aout 2026 - KARATE-FRANCE","inLanguage":"fr-FR","isPartOf":{"@id":"https:\/\/www.karate-france.com\/#website"},"breadcrumb":{"@id":"https:\/\/www.karate-france.com\/?p=6165#breadcrumblist"},"author":{"@id":"https:\/\/www.karate-france.com\/?author=1#author"},"creator":{"@id":"https:\/\/www.karate-france.com\/?author=1#author"},"datePublished":"2026-09-03T23:43:46+02:00","dateModified":"2026-09-03T23:44:30+02:00"},{"@type":"WebSite","@id":"https:\/\/www.karate-france.com\/#website","url":"https:\/\/www.karate-france.com\/","name":"KARATE-FRANCE","description":"Areski Ouzrout","inLanguage":"fr-FR","publisher":{"@id":"https:\/\/www.karate-france.com\/#person"}}]},"og:locale":"fr_FR","og:site_name":"KARATE-FRANCE - Areski Ouzrout","og:type":"article","og:title":"S\u00e9minaire de rentr\u00e9e fin aout 2026 - KARATE-FRANCE","og:url":"https:\/\/www.karate-france.com\/?p=6165","og:image":"https:\/\/www.karate-france.com\/wp-content\/uploads\/2017\/05\/portrait2.jpg","og:image:secure_url":"https:\/\/www.karate-france.com\/wp-content\/uploads\/2017\/05\/portrait2.jpg","article:published_time":"2026-09-03T21:43:46+00:00","article:modified_time":"2026-09-03T21:44:30+00:00","article:publisher":"https:\/\/www.facebook.com\/profile.php?id=61586701024624","twitter:card":"summary_large_image","twitter:site":"@AreskiOuzrout","twitter:title":"S\u00e9minaire de rentr\u00e9e fin aout 2026 - KARATE-FRANCE","twitter:creator":"@AreskiOuzrout","twitter:image":"https:\/\/www.karate-france.com\/wp-content\/uploads\/2017\/05\/portrait2.jpg"},"aioseo_meta_data":{"post_id":"6165","title":null,"description":null,"keywords":null,"keyphrases":{"focus":{"keyphrase":"","score":0,"analysis":{"keyphraseInTitle":{"score":0,"maxScore":9,"error":1}}},"additional":[]},"primary_term":null,"canonical_url":null,"og_title":null,"og_description":null,"og_object_type":"default","og_image_type":"default","og_image_url":null,"og_image_width":null,"og_image_height":null,"og_image_custom_url":null,"og_image_custom_fields":null,"og_video":"","og_custom_url":null,"og_article_section":null,"og_article_tags":null,"twitter_use_og":false,"twitter_card":"default","twitter_image_type":"default","twitter_image_url":null,"twitter_image_custom_url":null,"twitter_image_custom_fields":null,"twitter_title":null,"twitter_description":null,"schema":{"blockGraphs":[],"customGraphs":[],"default":{"data":{"Article":[],"Course":[],"Dataset":[],"FAQPage":[],"Movie":[],"Person":[],"Product":[],"ProductReview":[],"Car":[],"Recipe":[],"Service":[],"SoftwareApplication":[],"WebPage":[]},"graphName":"BlogPosting","isEnabled":true},"graphs":[]},"schema_type":"default","schema_type_options":null,"pillar_content":false,"robots_default":true,"robots_noindex":false,"robots_noarchive":false,"robots_nosnippet":false,"robots_nofollow":false,"robots_noimageindex":false,"robots_noodp":false,"robots_notranslate":false,"robots_max_snippet":"-1","robots_max_videopreview":"-1","robots_max_imagepreview":"large","priority":null,"frequency":"default","local_seo":null,"breadcrumb_settings":null,"limit_modified_date":false,"ai":{"faqs":[],"keyPoints":[],"schemas":[],"titles":[],"descriptions":[],"socialPosts":{"email":{"subject":"","preview":"","content":""},"linkedin":[],"twitter":[],"facebook":[],"instagram":[]}},"created":"2026-09-03 21:43:47","updated":"2026-09-03 21:44:30","seo_analyzer_scan_date":null,"focus_keyword":null,"additional_keywords":null,"truseo_locale":null},"aioseo_breadcrumb":"<div class=\"aioseo-breadcrumbs\"><span class=\"aioseo-breadcrumb\">\n\t\t\t<a href=\"https:\/\/www.karate-france.com\" title=\"Home\">Home<\/a>\n\t\t<\/span><span class=\"aioseo-breadcrumb-separator\">&raquo;<\/span><span class=\"aioseo-breadcrumb\">\n\t\t\t<a href=\"https:\/\/www.karate-france.com\/?cat=25\" title=\"STAGES\">STAGES<\/a>\n\t\t<\/span><span class=\"aioseo-breadcrumb-separator\">&raquo;<\/span><span class=\"aioseo-breadcrumb\">\n\t\t\tS\u00e9minaire de rentr\u00e9e fin aout 2026\n\t\t<\/span><\/div>","aioseo_breadcrumb_json":[{"label":"Home","link":"https:\/\/www.karate-france.com"},{"label":"STAGES","link":"https:\/\/www.karate-france.com\/?cat=25"},{"label":"S\u00e9minaire de rentr\u00e9e fin aout 2026","link":"https:\/\/www.karate-france.com\/?p=6165"}],"views":3,"_links":{"self":[{"href":"https:\/\/www.karate-france.com\/index.php?rest_route=\/wp\/v2\/posts\/6165","targetHints":{"allow":["GET"]}}],"collection":[{"href":"https:\/\/www.karate-france.com\/index.php?rest_route=\/wp\/v2\/posts"}],"about":[{"href":"https:\/\/www.karate-france.com\/index.php?rest_route=\/wp\/v2\/types\/post"}],"author":[{"embeddable":true,"href":"https:\/\/www.karate-france.com\/index.php?rest_route=\/wp\/v2\/users\/1"}],"replies":[{"embeddable":true,"href":"https:\/\/www.karate-france.com\/index.php?rest_route=%2Fwp%2Fv2%2Fcomments&post=6165"}],"version-history":[{"count":2,"href":"https:\/\/www.karate-france.com\/index.php?rest_route=\/wp\/v2\/posts\/6165\/revisions"}],"predecessor-version":[{"id":6167,"href":"https:\/\/www.karate-france.com\/index.php?rest_route=\/wp\/v2\/posts\/6165\/revisions\/6167"}],"wp:attachment":[{"href":"https:\/\/www.karate-france.com\/index.php?rest_route=%2Fwp%2Fv2%2Fmedia&parent=6165"}],"wp:term":[{"taxonomy":"category","embeddable":true,"href":"https:\/\/www.karate-france.com\/index.php?rest_route=%2Fwp%2Fv2%2Fcategories&post=6165"},{"taxonomy":"post_tag","embeddable":true,"href":"https:\/\/www.karate-france.com\/index.php?rest_route=%2Fwp%2Fv2%2Ftags&post=6165"}],"curies":[{"name":"wp","href":"https:\/\/api.w.org\/{rel}","templated":true}]}}